{"id":8199,"date":"2026-04-26T11:39:22","date_gmt":"2026-04-26T09:39:22","guid":{"rendered":"https:\/\/mejisa.com\/non-classifiee\/convocatoria-junta-general-accionistas-2026\/"},"modified":"2026-04-26T11:41:24","modified_gmt":"2026-04-26T09:41:24","slug":"convocatoria-junta-general-accionistas-2026","status":"publish","type":"post","link":"https:\/\/mejisa.com\/fr\/noticias-fr\/convocatoria-junta-general-accionistas-2026\/","title":{"rendered":"Mejisa convoca su Junta General de Accionistas para el 28 de mayo de 2026"},"content":{"rendered":"<p>Mec\u00e1nica Jijonenca ha convocado, para el pr\u00f3ximo 28 de mayo a las 17:30 horas, su Junta general de Accionistas. <br>la reuni\u00f3n tendr\u00e1 lugar en la sede de la entidad, ubicada en el Pol\u00edgono Industrial Segorb S\/N de Jijona. <\/p><p>A continuaci\u00f3n, se puede consultar el orden del d\u00eda de la junta ordinaria y descargarlo directamente desde el \u00e1rea privada de socios, accediendo con el usuario y la contrase\u00f1a personal. <\/p><p><\/p><div data-wp-interactive=\"core\/file\" class=\"wp-block-file\"><object data-wp-bind--hidden=\"!state.hasPdfPreview\" hidden class=\"wp-block-file__embed\" data=\"https:\/\/mejisa.com\/wp-content\/uploads\/2026\/04\/MECANICA-JIJONENCA-SA-Convocatoria-JGA-28-05-2026.pdf\" type=\"application\/pdf\" style=\"width:100%;height:600px\" aria-label=\"Contenu embarqu\u00e9 MECANICA JIJONENCA SA - Convocatoria JGA 28-05-2026.\"><\/object><a id=\"wp-block-file--media-b8164759-7fe8-43fe-88c4-0d85f2b12147\" href=\"https:\/\/mejisa.com\/wp-content\/uploads\/2026\/04\/MECANICA-JIJONENCA-SA-Convocatoria-JGA-28-05-2026.pdf\">MECANICA JIJONENCA SA &#8211; Convocatoria JGA 28-05-2026<\/a><a href=\"https:\/\/mejisa.com\/wp-content\/uploads\/2026\/04\/MECANICA-JIJONENCA-SA-Convocatoria-JGA-28-05-2026.pdf\" class=\"wp-block-file__button wp-element-button\" download aria-describedby=\"wp-block-file--media-b8164759-7fe8-43fe-88c4-0d85f2b12147\">Descarga<\/a><\/div>","protected":false},"excerpt":{"rendered":"<p>Mec\u00e1nica Jijonenca ha convocado, para el pr\u00f3ximo 28 de mayo a las 17:30 horas, su Junta general de Accionistas. la reuni\u00f3n tendr\u00e1 lugar en la sede de la entidad, ubicada en el Pol\u00edgono Industrial Segorb S\/N de Jijona. A continuaci\u00f3n, se puede consultar el orden del d\u00eda de la junta ordinaria y descargarlo directamente desde<\/p>\n","protected":false},"author":2,"featured_media":7321,"comment_status":"open","ping_status":"open","sticky":false,"template":"","format":"standard","meta":{"_monsterinsights_skip_tracking":false,"_monsterinsights_sitenote_active":false,"_monsterinsights_sitenote_note":"","_monsterinsights_sitenote_category":0,"footnotes":""},"categories":[691],"tags":[],"class_list":["post-8199","post","type-post","status-publish","format-standard","has-post-thumbnail","hentry","category-noticias-fr","prodpage-style3"],"yoast_head":"<!-- This site is optimized with the Yoast SEO plugin v27.4 - https:\/\/yoast.com\/product\/yoast-seo-wordpress\/ -->\n<title>Mejisa convoca su Junta General de Accionistas para el 28 de mayo de 2026 - Mejisa Mectufry | Mec\u00e1nica Jijonenca S.A.<\/title>\n<meta name=\"description\" content=\"La mercantil Mec\u00e1nica Jijonenca SA convoca su Junta General de Accionistas para el 28 de mayo de 2026 a las 17:30 horas.\" \/>\n<meta name=\"robots\" content=\"index, follow, max-snippet:-1, max-image-preview:large, max-video-preview:-1\" \/>\n<link rel=\"canonical\" href=\"https:\/\/mejisa.com\/fr\/noticias-fr\/convocatoria-junta-general-accionistas-2026\/\" \/>\n<meta property=\"og:locale\" content=\"fr_FR\" \/>\n<meta property=\"og:type\" content=\"article\" \/>\n<meta property=\"og:title\" content=\"Mejisa convoca su Junta General de Accionistas para el 28 de mayo de 2026 - Mejisa Mectufry | Mec\u00e1nica Jijonenca S.A.\" \/>\n<meta property=\"og:description\" content=\"La mercantil Mec\u00e1nica Jijonenca SA convoca su Junta General de Accionistas para el 28 de mayo de 2026 a las 17:30 horas.\" \/>\n<meta property=\"og:url\" content=\"https:\/\/mejisa.com\/fr\/noticias-fr\/convocatoria-junta-general-accionistas-2026\/\" \/>\n<meta property=\"og:site_name\" content=\"Mejisa Mectufry | Mec\u00e1nica Jijonenca S.A.\" \/>\n<meta property=\"article:publisher\" content=\"https:\/\/www.facebook.com\/MEJISAMECTUFRY\/\" \/>\n<meta property=\"article:published_time\" content=\"2026-04-26T09:39:22+00:00\" \/>\n<meta property=\"article:modified_time\" content=\"2026-04-26T09:41:24+00:00\" \/>\n<meta property=\"og:image\" content=\"https:\/\/mejisa.com\/wp-content\/uploads\/2023\/05\/LOGO-ADMIN-V2.png\" \/>\n\t<meta property=\"og:image:width\" content=\"400\" \/>\n\t<meta property=\"og:image:height\" content=\"400\" \/>\n\t<meta property=\"og:image:type\" content=\"image\/png\" \/>\n<meta name=\"author\" content=\"Mejisa Mectufry\" \/>\n<meta name=\"twitter:card\" content=\"summary_large_image\" \/>\n<meta name=\"twitter:creator\" content=\"@Mejisa_Mectufry\" \/>\n<meta name=\"twitter:site\" content=\"@Mejisa_Mectufry\" \/>\n<meta name=\"twitter:label1\" content=\"\u00c9crit par\" \/>\n\t<meta name=\"twitter:data1\" content=\"Mejisa Mectufry\" \/>\n<script type=\"application\/ld+json\" class=\"yoast-schema-graph\">{\"@context\":\"https:\\\/\\\/schema.org\",\"@graph\":[{\"@type\":\"Article\",\"@id\":\"https:\\\/\\\/mejisa.com\\\/fr\\\/noticias-fr\\\/convocatoria-junta-general-accionistas-2026\\\/#article\",\"isPartOf\":{\"@id\":\"https:\\\/\\\/mejisa.com\\\/fr\\\/noticias-fr\\\/convocatoria-junta-general-accionistas-2026\\\/\"},\"author\":{\"name\":\"Mejisa Mectufry\",\"@id\":\"https:\\\/\\\/mejisa.com\\\/fr\\\/#\\\/schema\\\/person\\\/da8c78fdb9e14ba091fe4eef53558659\"},\"headline\":\"Mejisa convoca su Junta General de Accionistas para el 28 de mayo de 2026\",\"datePublished\":\"2026-04-26T09:39:22+00:00\",\"dateModified\":\"2026-04-26T09:41:24+00:00\",\"mainEntityOfPage\":{\"@id\":\"https:\\\/\\\/mejisa.com\\\/fr\\\/noticias-fr\\\/convocatoria-junta-general-accionistas-2026\\\/\"},\"wordCount\":95,\"commentCount\":0,\"publisher\":{\"@id\":\"https:\\\/\\\/mejisa.com\\\/fr\\\/#organization\"},\"image\":{\"@id\":\"https:\\\/\\\/mejisa.com\\\/fr\\\/noticias-fr\\\/convocatoria-junta-general-accionistas-2026\\\/#primaryimage\"},\"thumbnailUrl\":\"https:\\\/\\\/mejisa.com\\\/wp-content\\\/uploads\\\/2023\\\/05\\\/LOGO-ADMIN-V2.png\",\"articleSection\":[\"Noticias\"],\"inLanguage\":\"fr-FR\",\"potentialAction\":[{\"@type\":\"CommentAction\",\"name\":\"Comment\",\"target\":[\"https:\\\/\\\/mejisa.com\\\/fr\\\/noticias-fr\\\/convocatoria-junta-general-accionistas-2026\\\/#respond\"]}]},{\"@type\":\"WebPage\",\"@id\":\"https:\\\/\\\/mejisa.com\\\/fr\\\/noticias-fr\\\/convocatoria-junta-general-accionistas-2026\\\/\",\"url\":\"https:\\\/\\\/mejisa.com\\\/fr\\\/noticias-fr\\\/convocatoria-junta-general-accionistas-2026\\\/\",\"name\":\"Mejisa convoca su Junta General de Accionistas para el 28 de mayo de 2026 - Mejisa Mectufry | Mec\u00e1nica Jijonenca S.A.\",\"isPartOf\":{\"@id\":\"https:\\\/\\\/mejisa.com\\\/fr\\\/#website\"},\"primaryImageOfPage\":{\"@id\":\"https:\\\/\\\/mejisa.com\\\/fr\\\/noticias-fr\\\/convocatoria-junta-general-accionistas-2026\\\/#primaryimage\"},\"image\":{\"@id\":\"https:\\\/\\\/mejisa.com\\\/fr\\\/noticias-fr\\\/convocatoria-junta-general-accionistas-2026\\\/#primaryimage\"},\"thumbnailUrl\":\"https:\\\/\\\/mejisa.com\\\/wp-content\\\/uploads\\\/2023\\\/05\\\/LOGO-ADMIN-V2.png\",\"datePublished\":\"2026-04-26T09:39:22+00:00\",\"dateModified\":\"2026-04-26T09:41:24+00:00\",\"description\":\"La mercantil Mec\u00e1nica Jijonenca SA convoca su Junta General de Accionistas para el 28 de mayo de 2026 a las 17:30 horas.\",\"inLanguage\":\"fr-FR\",\"potentialAction\":[{\"@type\":\"ReadAction\",\"target\":[\"https:\\\/\\\/mejisa.com\\\/fr\\\/noticias-fr\\\/convocatoria-junta-general-accionistas-2026\\\/\"]}]},{\"@type\":\"ImageObject\",\"inLanguage\":\"fr-FR\",\"@id\":\"https:\\\/\\\/mejisa.com\\\/fr\\\/noticias-fr\\\/convocatoria-junta-general-accionistas-2026\\\/#primaryimage\",\"url\":\"https:\\\/\\\/mejisa.com\\\/wp-content\\\/uploads\\\/2023\\\/05\\\/LOGO-ADMIN-V2.png\",\"contentUrl\":\"https:\\\/\\\/mejisa.com\\\/wp-content\\\/uploads\\\/2023\\\/05\\\/LOGO-ADMIN-V2.png\",\"width\":400,\"height\":400},{\"@type\":\"WebSite\",\"@id\":\"https:\\\/\\\/mejisa.com\\\/fr\\\/#website\",\"url\":\"https:\\\/\\\/mejisa.com\\\/fr\\\/\",\"name\":\"Mejisa Mectufry | Mec\u00e1nica Jijonenca S.A.\",\"description\":\"M\u00e1quinas para helados, m\u00e1quinas turr\u00f3n, procesado frutos secos y vitrinas.\",\"publisher\":{\"@id\":\"https:\\\/\\\/mejisa.com\\\/fr\\\/#organization\"},\"potentialAction\":[{\"@type\":\"SearchAction\",\"target\":{\"@type\":\"EntryPoint\",\"urlTemplate\":\"https:\\\/\\\/mejisa.com\\\/fr\\\/?s={search_term_string}\"},\"query-input\":{\"@type\":\"PropertyValueSpecification\",\"valueRequired\":true,\"valueName\":\"search_term_string\"}}],\"inLanguage\":\"fr-FR\"},{\"@type\":\"Organization\",\"@id\":\"https:\\\/\\\/mejisa.com\\\/fr\\\/#organization\",\"name\":\"MEJISA Mecanica Jijonenca SA\",\"url\":\"https:\\\/\\\/mejisa.com\\\/fr\\\/\",\"logo\":{\"@type\":\"ImageObject\",\"inLanguage\":\"fr-FR\",\"@id\":\"https:\\\/\\\/mejisa.com\\\/fr\\\/#\\\/schema\\\/logo\\\/image\\\/\",\"url\":\"https:\\\/\\\/mejisa.com\\\/wp-content\\\/uploads\\\/2021\\\/07\\\/logo-mejisa-con-fondo-blanco.jpg\",\"contentUrl\":\"https:\\\/\\\/mejisa.com\\\/wp-content\\\/uploads\\\/2021\\\/07\\\/logo-mejisa-con-fondo-blanco.jpg\",\"width\":1148,\"height\":612,\"caption\":\"MEJISA Mecanica Jijonenca SA\"},\"image\":{\"@id\":\"https:\\\/\\\/mejisa.com\\\/fr\\\/#\\\/schema\\\/logo\\\/image\\\/\"},\"sameAs\":[\"https:\\\/\\\/www.facebook.com\\\/MEJISAMECTUFRY\\\/\",\"https:\\\/\\\/x.com\\\/Mejisa_Mectufry\",\"https:\\\/\\\/www.youtube.com\\\/channel\\\/UCbS8bDe6ZchUWr8lPnNlIcg\"]},{\"@type\":\"Person\",\"@id\":\"https:\\\/\\\/mejisa.com\\\/fr\\\/#\\\/schema\\\/person\\\/da8c78fdb9e14ba091fe4eef53558659\",\"name\":\"Mejisa Mectufry\",\"image\":{\"@type\":\"ImageObject\",\"inLanguage\":\"fr-FR\",\"@id\":\"https:\\\/\\\/mejisa.com\\\/wp-content\\\/uploads\\\/2021\\\/07\\\/Meisa-foto-de-perfil-96x96.jpg\",\"url\":\"https:\\\/\\\/mejisa.com\\\/wp-content\\\/uploads\\\/2021\\\/07\\\/Meisa-foto-de-perfil-96x96.jpg\",\"contentUrl\":\"https:\\\/\\\/mejisa.com\\\/wp-content\\\/uploads\\\/2021\\\/07\\\/Meisa-foto-de-perfil-96x96.jpg\",\"caption\":\"Mejisa Mectufry\"}}]}<\/script>\n<!-- \/ Yoast SEO plugin. -->","yoast_head_json":{"title":"Mejisa convoca su Junta General de Accionistas para el 28 de mayo de 2026 - Mejisa Mectufry | Mec\u00e1nica Jijonenca S.A.","description":"La mercantil Mec\u00e1nica Jijonenca SA convoca su Junta General de Accionistas para el 28 de mayo de 2026 a las 17:30 horas.","robots":{"index":"index","follow":"follow","max-snippet":"max-snippet:-1","max-image-preview":"max-image-preview:large","max-video-preview":"max-video-preview:-1"},"canonical":"https:\/\/mejisa.com\/fr\/noticias-fr\/convocatoria-junta-general-accionistas-2026\/","og_locale":"fr_FR","og_type":"article","og_title":"Mejisa convoca su Junta General de Accionistas para el 28 de mayo de 2026 - Mejisa Mectufry | Mec\u00e1nica Jijonenca S.A.","og_description":"La mercantil Mec\u00e1nica Jijonenca SA convoca su Junta General de Accionistas para el 28 de mayo de 2026 a las 17:30 horas.","og_url":"https:\/\/mejisa.com\/fr\/noticias-fr\/convocatoria-junta-general-accionistas-2026\/","og_site_name":"Mejisa Mectufry | Mec\u00e1nica Jijonenca S.A.","article_publisher":"https:\/\/www.facebook.com\/MEJISAMECTUFRY\/","article_published_time":"2026-04-26T09:39:22+00:00","article_modified_time":"2026-04-26T09:41:24+00:00","og_image":[{"width":400,"height":400,"url":"https:\/\/mejisa.com\/wp-content\/uploads\/2023\/05\/LOGO-ADMIN-V2.png","type":"image\/png"}],"author":"Mejisa Mectufry","twitter_card":"summary_large_image","twitter_creator":"@Mejisa_Mectufry","twitter_site":"@Mejisa_Mectufry","twitter_misc":{"\u00c9crit par":"Mejisa Mectufry"},"schema":{"@context":"https:\/\/schema.org","@graph":[{"@type":"Article","@id":"https:\/\/mejisa.com\/fr\/noticias-fr\/convocatoria-junta-general-accionistas-2026\/#article","isPartOf":{"@id":"https:\/\/mejisa.com\/fr\/noticias-fr\/convocatoria-junta-general-accionistas-2026\/"},"author":{"name":"Mejisa Mectufry","@id":"https:\/\/mejisa.com\/fr\/#\/schema\/person\/da8c78fdb9e14ba091fe4eef53558659"},"headline":"Mejisa convoca su Junta General de Accionistas para el 28 de mayo de 2026","datePublished":"2026-04-26T09:39:22+00:00","dateModified":"2026-04-26T09:41:24+00:00","mainEntityOfPage":{"@id":"https:\/\/mejisa.com\/fr\/noticias-fr\/convocatoria-junta-general-accionistas-2026\/"},"wordCount":95,"commentCount":0,"publisher":{"@id":"https:\/\/mejisa.com\/fr\/#organization"},"image":{"@id":"https:\/\/mejisa.com\/fr\/noticias-fr\/convocatoria-junta-general-accionistas-2026\/#primaryimage"},"thumbnailUrl":"https:\/\/mejisa.com\/wp-content\/uploads\/2023\/05\/LOGO-ADMIN-V2.png","articleSection":["Noticias"],"inLanguage":"fr-FR","potentialAction":[{"@type":"CommentAction","name":"Comment","target":["https:\/\/mejisa.com\/fr\/noticias-fr\/convocatoria-junta-general-accionistas-2026\/#respond"]}]},{"@type":"WebPage","@id":"https:\/\/mejisa.com\/fr\/noticias-fr\/convocatoria-junta-general-accionistas-2026\/","url":"https:\/\/mejisa.com\/fr\/noticias-fr\/convocatoria-junta-general-accionistas-2026\/","name":"Mejisa convoca su Junta General de Accionistas para el 28 de mayo de 2026 - Mejisa Mectufry | Mec\u00e1nica Jijonenca S.A.","isPartOf":{"@id":"https:\/\/mejisa.com\/fr\/#website"},"primaryImageOfPage":{"@id":"https:\/\/mejisa.com\/fr\/noticias-fr\/convocatoria-junta-general-accionistas-2026\/#primaryimage"},"image":{"@id":"https:\/\/mejisa.com\/fr\/noticias-fr\/convocatoria-junta-general-accionistas-2026\/#primaryimage"},"thumbnailUrl":"https:\/\/mejisa.com\/wp-content\/uploads\/2023\/05\/LOGO-ADMIN-V2.png","datePublished":"2026-04-26T09:39:22+00:00","dateModified":"2026-04-26T09:41:24+00:00","description":"La mercantil Mec\u00e1nica Jijonenca SA convoca su Junta General de Accionistas para el 28 de mayo de 2026 a las 17:30 horas.","inLanguage":"fr-FR","potentialAction":[{"@type":"ReadAction","target":["https:\/\/mejisa.com\/fr\/noticias-fr\/convocatoria-junta-general-accionistas-2026\/"]}]},{"@type":"ImageObject","inLanguage":"fr-FR","@id":"https:\/\/mejisa.com\/fr\/noticias-fr\/convocatoria-junta-general-accionistas-2026\/#primaryimage","url":"https:\/\/mejisa.com\/wp-content\/uploads\/2023\/05\/LOGO-ADMIN-V2.png","contentUrl":"https:\/\/mejisa.com\/wp-content\/uploads\/2023\/05\/LOGO-ADMIN-V2.png","width":400,"height":400},{"@type":"WebSite","@id":"https:\/\/mejisa.com\/fr\/#website","url":"https:\/\/mejisa.com\/fr\/","name":"Mejisa Mectufry | Mec\u00e1nica Jijonenca S.A.","description":"M\u00e1quinas para helados, m\u00e1quinas turr\u00f3n, procesado frutos secos y vitrinas.","publisher":{"@id":"https:\/\/mejisa.com\/fr\/#organization"},"potentialAction":[{"@type":"SearchAction","target":{"@type":"EntryPoint","urlTemplate":"https:\/\/mejisa.com\/fr\/?s={search_term_string}"},"query-input":{"@type":"PropertyValueSpecification","valueRequired":true,"valueName":"search_term_string"}}],"inLanguage":"fr-FR"},{"@type":"Organization","@id":"https:\/\/mejisa.com\/fr\/#organization","name":"MEJISA Mecanica Jijonenca SA","url":"https:\/\/mejisa.com\/fr\/","logo":{"@type":"ImageObject","inLanguage":"fr-FR","@id":"https:\/\/mejisa.com\/fr\/#\/schema\/logo\/image\/","url":"https:\/\/mejisa.com\/wp-content\/uploads\/2021\/07\/logo-mejisa-con-fondo-blanco.jpg","contentUrl":"https:\/\/mejisa.com\/wp-content\/uploads\/2021\/07\/logo-mejisa-con-fondo-blanco.jpg","width":1148,"height":612,"caption":"MEJISA Mecanica Jijonenca SA"},"image":{"@id":"https:\/\/mejisa.com\/fr\/#\/schema\/logo\/image\/"},"sameAs":["https:\/\/www.facebook.com\/MEJISAMECTUFRY\/","https:\/\/x.com\/Mejisa_Mectufry","https:\/\/www.youtube.com\/channel\/UCbS8bDe6ZchUWr8lPnNlIcg"]},{"@type":"Person","@id":"https:\/\/mejisa.com\/fr\/#\/schema\/person\/da8c78fdb9e14ba091fe4eef53558659","name":"Mejisa Mectufry","image":{"@type":"ImageObject","inLanguage":"fr-FR","@id":"https:\/\/mejisa.com\/wp-content\/uploads\/2021\/07\/Meisa-foto-de-perfil-96x96.jpg","url":"https:\/\/mejisa.com\/wp-content\/uploads\/2021\/07\/Meisa-foto-de-perfil-96x96.jpg","contentUrl":"https:\/\/mejisa.com\/wp-content\/uploads\/2021\/07\/Meisa-foto-de-perfil-96x96.jpg","caption":"Mejisa Mectufry"}}]}},"_links":{"self":[{"href":"https:\/\/mejisa.com\/fr\/wp-json\/wp\/v2\/posts\/8199","targetHints":{"allow":["GET"]}}],"collection":[{"href":"https:\/\/mejisa.com\/fr\/wp-json\/wp\/v2\/posts"}],"about":[{"href":"https:\/\/mejisa.com\/fr\/wp-json\/wp\/v2\/types\/post"}],"author":[{"embeddable":true,"href":"https:\/\/mejisa.com\/fr\/wp-json\/wp\/v2\/users\/2"}],"replies":[{"embeddable":true,"href":"https:\/\/mejisa.com\/fr\/wp-json\/wp\/v2\/comments?post=8199"}],"version-history":[{"count":1,"href":"https:\/\/mejisa.com\/fr\/wp-json\/wp\/v2\/posts\/8199\/revisions"}],"predecessor-version":[{"id":8201,"href":"https:\/\/mejisa.com\/fr\/wp-json\/wp\/v2\/posts\/8199\/revisions\/8201"}],"wp:featuredmedia":[{"embeddable":true,"href":"https:\/\/mejisa.com\/fr\/wp-json\/wp\/v2\/media\/7321"}],"wp:attachment":[{"href":"https:\/\/mejisa.com\/fr\/wp-json\/wp\/v2\/media?parent=8199"}],"wp:term":[{"taxonomy":"category","embeddable":true,"href":"https:\/\/mejisa.com\/fr\/wp-json\/wp\/v2\/categories?post=8199"},{"taxonomy":"post_tag","embeddable":true,"href":"https:\/\/mejisa.com\/fr\/wp-json\/wp\/v2\/tags?post=8199"}],"curies":[{"name":"wp","href":"https:\/\/api.w.org\/{rel}","templated":true}]}}